{"id":327,"date":"2022-09-14T10:24:05","date_gmt":"2022-09-14T08:24:05","guid":{"rendered":"https:\/\/wasipope.cyon.site\/?p=327"},"modified":"2024-03-26T09:56:59","modified_gmt":"2024-03-26T08:56:59","slug":"le-nouveau-site-web-du-registre-suisse-des-maladies-rares-est-en-ligne","status":"publish","type":"post","link":"https:\/\/ig-seltene-krankheiten.ch\/fr\/2022\/09\/14\/le-nouveau-site-web-du-registre-suisse-des-maladies-rares-est-en-ligne\/","title":{"rendered":"Le nouveau site web du Registre suisse des maladies rares est en ligne"},"content":{"rendered":"<div id='layer_slider_1'  class='avia-layerslider main_color avia-shadow  avia-builder-el-0  el_before_av_submenu  avia-builder-el-first  container_wrap fullsize'  style='height: 236px; max-width: 1280px; margin: 0 auto;'  ><\/div>\n<div class='clear'><\/div><div id='sub_menu1'  class='av-submenu-container av-7iqp-c303ac7d9c65ba19eb2a8c0bf317f918 header_color av-switch-768  avia-builder-el-1  el_after_av_layerslider  el_before_av_two_third  av-sticky-submenu submenu-not-first container_wrap fullsize' style='z-index:301' ><div class='container av-menu-mobile-active av-submenu-pos-center'><a href=\"#\" class=\"mobile_menu_toggle\" aria-hidden='true' data-av_icon='\ue8a5' data-av_iconfont='entypo-fontello'><span class=\"av-current-placeholder\">Menu<\/span><\/a><ul id=\"menu-hauptnavi\" class=\"av-subnav-menu\" role=\"menu\"><li role=\"menuitem\" id=\"menu-item-43\" class=\"menu-item menu-item-type-post_type menu-item-object-page menu-item-top-level menu-item-top-level-1\"><a href=\"https:\/\/ig-seltene-krankheiten.ch\/unsere-positionen\/\" itemprop=\"url\" tabindex=\"0\"><span class=\"avia-bullet\"><\/span><span class=\"avia-menu-text\">Notre Position<\/span><span class=\"avia-menu-fx\"><span class=\"avia-arrow-wrap\"><span class=\"avia-arrow\"><\/span><\/span><\/span><\/a><\/li>\n<li role=\"menuitem\" id=\"menu-item-42\" class=\"menu-item menu-item-type-post_type menu-item-object-page menu-item-top-level menu-item-top-level-2\"><a href=\"https:\/\/ig-seltene-krankheiten.ch\/ueber-uns\/\" itemprop=\"url\" tabindex=\"0\"><span class=\"avia-bullet\"><\/span><span class=\"avia-menu-text\">Qui sommes-nous<\/span><span class=\"avia-menu-fx\"><span class=\"avia-arrow-wrap\"><span class=\"avia-arrow\"><\/span><\/span><\/span><\/a><\/li>\n<li role=\"menuitem\" id=\"menu-item-41\" class=\"menu-item menu-item-type-post_type menu-item-object-page menu-item-has-children menu-item-top-level menu-item-top-level-3\"><a href=\"https:\/\/ig-seltene-krankheiten.ch\/seltene-krankheiten\/\" itemprop=\"url\" tabindex=\"0\"><span class=\"avia-bullet\"><\/span><span class=\"avia-menu-text\">Maladies rares<\/span><span class=\"avia-menu-fx\"><span class=\"avia-arrow-wrap\"><span class=\"avia-arrow\"><\/span><\/span><\/span><\/a>\n\n\n<ul class=\"sub-menu\">\n\t<li role=\"menuitem\" id=\"menu-item-40\" class=\"menu-item menu-item-type-post_type menu-item-object-page\"><a href=\"https:\/\/ig-seltene-krankheiten.ch\/herausforderungen\/\" itemprop=\"url\" tabindex=\"0\"><span class=\"avia-bullet\"><\/span><span class=\"avia-menu-text\">D\u00e9fis<\/span><\/a><\/li>\n<\/ul>\n<\/li>\n<li role=\"menuitem\" id=\"menu-item-39\" class=\"menu-item menu-item-type-post_type menu-item-object-page menu-item-top-level menu-item-top-level-4\"><a href=\"https:\/\/ig-seltene-krankheiten.ch\/parlamentarische-vorstoesse\/\" itemprop=\"url\" tabindex=\"0\"><span class=\"avia-bullet\"><\/span><span class=\"avia-menu-text\">Interventions parlementaires<\/span><span class=\"avia-menu-fx\"><span class=\"avia-arrow-wrap\"><span class=\"avia-arrow\"><\/span><\/span><\/span><\/a><\/li>\n<li role=\"menuitem\" id=\"menu-item-38\" class=\"menu-item menu-item-type-post_type menu-item-object-page menu-item-top-level menu-item-top-level-5\"><a href=\"https:\/\/ig-seltene-krankheiten.ch\/news\/\" itemprop=\"url\" tabindex=\"0\"><span class=\"avia-bullet\"><\/span><span class=\"avia-menu-text\">Actualit\u00e9s<\/span><span class=\"avia-menu-fx\"><span class=\"avia-arrow-wrap\"><span class=\"avia-arrow\"><\/span><\/span><\/span><\/a><\/li>\n<\/ul><\/div><\/div><div class='sticky_placeholder'><\/div><div id='after_submenu_1'  class='main_color av_default_container_wrap container_wrap fullsize'  ><div class='container av-section-cont-open' ><div class='template-page content  av-content-full alpha units'><div class='post-entry post-entry-type-page post-entry-327'><div class='entry-content-wrapper clearfix'>\n<div  class='flex_column av-6dzr-2da157fbbdf68d71b63f961e0b687a91 av_two_third  avia-builder-el-2  el_after_av_submenu  avia-builder-el-no-sibling  first flex_column_div  '     ><section  class='av_textblock_section av-lu2dwwa0-7d8be0a7a3511a01c6682a09b7578452 '   itemscope=\"itemscope\" itemtype=\"https:\/\/schema.org\/BlogPosting\" itemprop=\"blogPost\" ><div class='avia_textblock'  itemprop=\"text\" ><h1>Le nouveau site web du Registre suisse des maladies rares est en ligne<\/h1>\n<\/div><\/section><br \/>\n<section  class='av_textblock_section av-lu2dycm8-7e2db860dd6144e7decdf7bd53da0898 '   itemscope=\"itemscope\" itemtype=\"https:\/\/schema.org\/BlogPosting\" itemprop=\"blogPost\" ><div class='avia_textblock'  itemprop=\"text\" ><p class=\"intro\">Le Registre suisse des maladies rares (RSMR) recueille des informations sur les personnes atteintes d&rsquo;une maladie rare dans toute la Suisse. Ce projet vise \u00e0 d\u00e9crire la fr\u00e9quence des maladies rares en Suisse, \u00e0 promouvoir la recherche sur les maladies rares et \u00e0 faciliter une mise en r\u00e9seau entre les personnes concern\u00e9es et les sp\u00e9cialistes.<\/p>\n<p>Le site web du RSMR a \u00e9t\u00e9 mis en ligne. Les personnes concern\u00e9es, les professionnels et les chercheurs y trouveront des informations d\u00e9taill\u00e9es sur le RSMR ainsi que tous les documents n\u00e9cessaires \u00e0 l&rsquo;enregistrement.<\/p>\n<div class=\"links\">\n<p><a href=\"https:\/\/www.raredisease.ch\/fr\/le-registre-suisse-des-maldies-rares-rsmr\/\" target=\"_blank\" rel=\"noopener\">&gt; Site web RSMR<\/a><\/p>\n<\/div><\/section><\/p><\/div>\n<\/div>\n","protected":false},"excerpt":{"rendered":"<p>Le Registre suisse des maladies rares (RSMR) recueille des informations sur les personnes atteintes d&rsquo;une maladie rare dans toute la Suisse. Ce projet vise \u00e0 d\u00e9crire la fr\u00e9quence des maladies rares en Suisse, \u00e0 promouvoir la recherche sur les maladies rares et \u00e0 faciliter une mise en r\u00e9seau entre les personnes concern\u00e9es et les sp\u00e9cialistes.<\/p>\n","protected":false},"author":1,"featured_media":0,"comment_status":"open","ping_status":"open","sticky":false,"template":"","format":"standard","meta":{"footnotes":""},"categories":[4],"tags":[],"class_list":["post-327","post","type-post","status-publish","format-standard","hentry","category-non-classifiee"],"_links":{"self":[{"href":"https:\/\/ig-seltene-krankheiten.ch\/fr\/wp-json\/wp\/v2\/posts\/327","targetHints":{"allow":["GET"]}}],"collection":[{"href":"https:\/\/ig-seltene-krankheiten.ch\/fr\/wp-json\/wp\/v2\/posts"}],"about":[{"href":"https:\/\/ig-seltene-krankheiten.ch\/fr\/wp-json\/wp\/v2\/types\/post"}],"author":[{"embeddable":true,"href":"https:\/\/ig-seltene-krankheiten.ch\/fr\/wp-json\/wp\/v2\/users\/1"}],"replies":[{"embeddable":true,"href":"https:\/\/ig-seltene-krankheiten.ch\/fr\/wp-json\/wp\/v2\/comments?post=327"}],"version-history":[{"count":3,"href":"https:\/\/ig-seltene-krankheiten.ch\/fr\/wp-json\/wp\/v2\/posts\/327\/revisions"}],"predecessor-version":[{"id":332,"href":"https:\/\/ig-seltene-krankheiten.ch\/fr\/wp-json\/wp\/v2\/posts\/327\/revisions\/332"}],"wp:attachment":[{"href":"https:\/\/ig-seltene-krankheiten.ch\/fr\/wp-json\/wp\/v2\/media?parent=327"}],"wp:term":[{"taxonomy":"category","embeddable":true,"href":"https:\/\/ig-seltene-krankheiten.ch\/fr\/wp-json\/wp\/v2\/categories?post=327"},{"taxonomy":"post_tag","embeddable":true,"href":"https:\/\/ig-seltene-krankheiten.ch\/fr\/wp-json\/wp\/v2\/tags?post=327"}],"curies":[{"name":"wp","href":"https:\/\/api.w.org\/{rel}","templated":true}]}}