{"id":774,"date":"2026-04-23T11:29:02","date_gmt":"2026-04-23T09:29:02","guid":{"rendered":"https:\/\/ig-seltene-krankheiten.ch\/?p=774"},"modified":"2026-04-23T11:32:05","modified_gmt":"2026-04-23T09:32:05","slug":"rare-disease-day-2026","status":"publish","type":"post","link":"https:\/\/ig-seltene-krankheiten.ch\/fr\/2026\/04\/23\/rare-disease-day-2026\/","title":{"rendered":"Rare Disease Day 2026"},"content":{"rendered":"<div id='layer_slider_1'  class='avia-layerslider main_color avia-shadow  avia-builder-el-0  el_before_av_submenu  avia-builder-el-first  container_wrap fullsize'  style='height: 236px; max-width: 1280px; margin: 0 auto;'  ><\/div>\r\n\r\n<div class='clear'><\/div><div id='sub_menu1'  class='av-submenu-container av-7iqp-c303ac7d9c65ba19eb2a8c0bf317f918 header_color av-switch-768  avia-builder-el-1  el_after_av_layerslider  el_before_av_two_third  av-sticky-submenu submenu-not-first container_wrap fullsize' style='z-index:301' ><div class='container av-menu-mobile-active av-submenu-pos-center'><a href=\"#\" class=\"mobile_menu_toggle\" aria-hidden='true' data-av_icon='\ue8a5' data-av_iconfont='entypo-fontello'><span class=\"av-current-placeholder\">Menu<\/span><\/a><ul id=\"menu-hauptnavi\" class=\"av-subnav-menu\" role=\"menu\"><li role=\"menuitem\" id=\"menu-item-43\" class=\"menu-item menu-item-type-post_type menu-item-object-page menu-item-top-level menu-item-top-level-1\"><a href=\"https:\/\/ig-seltene-krankheiten.ch\/unsere-positionen\/\" itemprop=\"url\" tabindex=\"0\"><span class=\"avia-bullet\"><\/span><span class=\"avia-menu-text\">Notre Position<\/span><span class=\"avia-menu-fx\"><span class=\"avia-arrow-wrap\"><span class=\"avia-arrow\"><\/span><\/span><\/span><\/a><\/li>\n<li role=\"menuitem\" id=\"menu-item-42\" class=\"menu-item menu-item-type-post_type menu-item-object-page menu-item-top-level menu-item-top-level-2\"><a href=\"https:\/\/ig-seltene-krankheiten.ch\/ueber-uns\/\" itemprop=\"url\" tabindex=\"0\"><span class=\"avia-bullet\"><\/span><span class=\"avia-menu-text\">Qui sommes-nous<\/span><span class=\"avia-menu-fx\"><span class=\"avia-arrow-wrap\"><span class=\"avia-arrow\"><\/span><\/span><\/span><\/a><\/li>\n<li role=\"menuitem\" id=\"menu-item-41\" class=\"menu-item menu-item-type-post_type menu-item-object-page menu-item-has-children menu-item-top-level menu-item-top-level-3\"><a href=\"https:\/\/ig-seltene-krankheiten.ch\/seltene-krankheiten\/\" itemprop=\"url\" tabindex=\"0\"><span class=\"avia-bullet\"><\/span><span class=\"avia-menu-text\">Maladies rares<\/span><span class=\"avia-menu-fx\"><span class=\"avia-arrow-wrap\"><span class=\"avia-arrow\"><\/span><\/span><\/span><\/a>\n\n\n<ul class=\"sub-menu\">\n\t<li role=\"menuitem\" id=\"menu-item-40\" class=\"menu-item menu-item-type-post_type menu-item-object-page\"><a href=\"https:\/\/ig-seltene-krankheiten.ch\/herausforderungen\/\" itemprop=\"url\" tabindex=\"0\"><span class=\"avia-bullet\"><\/span><span class=\"avia-menu-text\">D\u00e9fis<\/span><\/a><\/li>\n<\/ul>\n<\/li>\n<li role=\"menuitem\" id=\"menu-item-39\" class=\"menu-item menu-item-type-post_type menu-item-object-page menu-item-top-level menu-item-top-level-4\"><a href=\"https:\/\/ig-seltene-krankheiten.ch\/parlamentarische-vorstoesse\/\" itemprop=\"url\" tabindex=\"0\"><span class=\"avia-bullet\"><\/span><span class=\"avia-menu-text\">Interventions parlementaires<\/span><span class=\"avia-menu-fx\"><span class=\"avia-arrow-wrap\"><span class=\"avia-arrow\"><\/span><\/span><\/span><\/a><\/li>\n<li role=\"menuitem\" id=\"menu-item-38\" class=\"menu-item menu-item-type-post_type menu-item-object-page menu-item-top-level menu-item-top-level-5\"><a href=\"https:\/\/ig-seltene-krankheiten.ch\/news\/\" itemprop=\"url\" tabindex=\"0\"><span class=\"avia-bullet\"><\/span><span class=\"avia-menu-text\">Actualit\u00e9s<\/span><span class=\"avia-menu-fx\"><span class=\"avia-arrow-wrap\"><span class=\"avia-arrow\"><\/span><\/span><\/span><\/a><\/li>\n<\/ul><\/div><\/div><div class='sticky_placeholder'><\/div><div id='after_submenu_1'  class='main_color av_default_container_wrap container_wrap fullsize'  ><div class='container av-section-cont-open' ><div class='template-page content  av-content-full alpha units'><div class='post-entry post-entry-type-page post-entry-774'><div class='entry-content-wrapper clearfix'>\r\n\r\n<div  class='flex_column av-6dzr-2da157fbbdf68d71b63f961e0b687a91 av_two_third  avia-builder-el-2  el_after_av_submenu  el_before_av_one_third  avia-builder-el-first  first flex_column_div  '     ><section  class='av_textblock_section av-lu2dwwa0-7d8be0a7a3511a01c6682a09b7578452 '   itemscope=\"itemscope\" itemtype=\"https:\/\/schema.org\/BlogPosting\" itemprop=\"blogPost\" ><div class='avia_textblock'  itemprop=\"text\" ><h1>Rare Disease Day 2026<\/h1>\n<\/div><\/section>\n<section  class='av_textblock_section av-lu2dycm8-7e2db860dd6144e7decdf7bd53da0898 '   itemscope=\"itemscope\" itemtype=\"https:\/\/schema.org\/BlogPosting\" itemprop=\"blogPost\" ><div class='avia_textblock'  itemprop=\"text\" ><p class=\"intro\">La 16e Journ\u00e9e internationale des maladies rares en Suisse s&rsquo;est d\u00e9roul\u00e9e cette ann\u00e9e le 27 f\u00e9vrier \u00e0 la Scuola cantonale di commercio de Bellinzone, dans le cadre d&rsquo;une collaboration entre ProRaris et Malattie Genetiche Rare. Le th\u00e8me de l&rsquo;\u00e9v\u00e9nement de cette ann\u00e9e \u00e9tait la \u00ab collaboration \u00bb dans le domaine des maladies rares.<\/p>\n<p><a href=\"https:\/\/www.proraris.ch\/fr\/news\/journee-des-maladies-rares-collaboration-2786\/\" target=\"_blank\" rel=\"noopener\">&gt; <\/a><a href=\"https:\/\/che01.safelinks.protection.outlook.com\/?url=https%3A%2F%2Fwww.proraris.ch%2Fde%2Fnews%2Ftag-der-seltenen-krankheiten-zusammenarbeit-2785%2F&amp;data=05%7C02%7CPatrick.Blaser%40furrerhugi.ch%7Cd69545a9eb6c4208da1608dea06f2bac%7C165c161a0cd34412990dbe49aa33aaac%7C1%7C0%7C639124596509286807%7CUnknown%7CTWFpbGZsb3d8eyJFbXB0eU1hcGkiOnRydWUsIlYiOiIwLjAuMDAwMCIsIlAiOiJXaW4zMiIsIkFOIjoiTWFpbCIsIldUIjoyfQ%3D%3D%7C0%7C%7C%7C&amp;sdata=KciB%2B5I2wx9mXSPcKjVSFB8cR07QU29iGICcQcw6870%3D&amp;reserved=0\" data-outlook-id=\"2ef495fe-c8de-49cf-a3a7-dd83181b22be\">Site web de l\u2019 evenement ProRaris<\/a><\/p>\n<p><a href=\"https:\/\/ig-seltene-krankheiten.ch\/wp-content\/uploads\/2026\/04\/Zusammenfassung-Rare-Disease-Day-2026-der-IG-Seltene-Krankheiten.pdf\" target=\"_blank\" rel=\"noopener\">&gt; R\u00e9sum\u00e9 RDD 2026 de la CI Maladies rares (en allemand)<\/a><\/p>\n<\/div><\/section><\/div><div  class='flex_column av-ar9-1a4d5bb6d47a5ed4abf22860e7d05501 av_one_third  avia-builder-el-5  el_after_av_two_third  avia-builder-el-last  flex_column_div  '     ><\/div><!-- \/wp:post-content -->","protected":false},"excerpt":{"rendered":"<p>La 16e Journ\u00e9e internationale des maladies rares en Suisse s&rsquo;est d\u00e9roul\u00e9e cette ann\u00e9e le 27 f\u00e9vrier \u00e0 la Scuola cantonale di commercio de Bellinzone, dans le cadre d&rsquo;une collaboration entre ProRaris et Malattie Genetiche Rare.<\/p>\n","protected":false},"author":1,"featured_media":0,"comment_status":"open","ping_status":"open","sticky":false,"template":"","format":"standard","meta":{"footnotes":""},"categories":[4],"tags":[],"class_list":["post-774","post","type-post","status-publish","format-standard","hentry","category-non-classifiee"],"_links":{"self":[{"href":"https:\/\/ig-seltene-krankheiten.ch\/fr\/wp-json\/wp\/v2\/posts\/774","targetHints":{"allow":["GET"]}}],"collection":[{"href":"https:\/\/ig-seltene-krankheiten.ch\/fr\/wp-json\/wp\/v2\/posts"}],"about":[{"href":"https:\/\/ig-seltene-krankheiten.ch\/fr\/wp-json\/wp\/v2\/types\/post"}],"author":[{"embeddable":true,"href":"https:\/\/ig-seltene-krankheiten.ch\/fr\/wp-json\/wp\/v2\/users\/1"}],"replies":[{"embeddable":true,"href":"https:\/\/ig-seltene-krankheiten.ch\/fr\/wp-json\/wp\/v2\/comments?post=774"}],"version-history":[{"count":3,"href":"https:\/\/ig-seltene-krankheiten.ch\/fr\/wp-json\/wp\/v2\/posts\/774\/revisions"}],"predecessor-version":[{"id":776,"href":"https:\/\/ig-seltene-krankheiten.ch\/fr\/wp-json\/wp\/v2\/posts\/774\/revisions\/776"}],"wp:attachment":[{"href":"https:\/\/ig-seltene-krankheiten.ch\/fr\/wp-json\/wp\/v2\/media?parent=774"}],"wp:term":[{"taxonomy":"category","embeddable":true,"href":"https:\/\/ig-seltene-krankheiten.ch\/fr\/wp-json\/wp\/v2\/categories?post=774"},{"taxonomy":"post_tag","embeddable":true,"href":"https:\/\/ig-seltene-krankheiten.ch\/fr\/wp-json\/wp\/v2\/tags?post=774"}],"curies":[{"name":"wp","href":"https:\/\/api.w.org\/{rel}","templated":true}]}}